{"id":1146,"date":"2019-03-18T18:44:29","date_gmt":"2019-03-18T17:44:29","guid":{"rendered":"http:\/\/clausen.homeip.net\/wordpress\/?p=1146"},"modified":"2019-03-18T18:45:49","modified_gmt":"2019-03-18T17:45:49","slug":"zum-sagemuller-freigesprochen","status":"publish","type":"post","link":"https:\/\/Matthias-Clausen.de\/?p=1146","title":{"rendered":"Zum S\u00e4gem\u00fcller freigesprochen!"},"content":{"rendered":"\n<p><br \/>An vier Samstagen im Februar\/ M\u00e4rz wurden \u00fcber zwanzig M\u00fchlenhelfer der <a href=\"https:\/\/www.wasserm\u00fchle-karoxbostel.de\/\">Wasserm\u00fchle Karoxbostel<\/a> zu S\u00e4gem\u00fcllern ausgebildet.<\/p>\n\n\n\n<p>Zum kr\u00f6nenden Abschluss gab es eine feierliche \u00dcbergabe der Urkunden und ein festliches M\u00fchlen-Mahl.<\/p>\n\n\n\n<figure class=\"wp-block-image\"><img loading=\"lazy\" decoding=\"async\" width=\"712\" height=\"1024\" src=\"http:\/\/clausen.homeip.net\/wordpress\/wp-content\/uploads\/2019\/03\/2019-03-17Muehle-Karoxbostel-Saegemueller-0137-712x1024.jpg\" alt=\"\" class=\"wp-image-1147\" srcset=\"https:\/\/Matthias-Clausen.de\/wp-content\/uploads\/2019\/03\/2019-03-17Muehle-Karoxbostel-Saegemueller-0137-712x1024.jpg 712w, https:\/\/Matthias-Clausen.de\/wp-content\/uploads\/2019\/03\/2019-03-17Muehle-Karoxbostel-Saegemueller-0137-104x150.jpg 104w, https:\/\/Matthias-Clausen.de\/wp-content\/uploads\/2019\/03\/2019-03-17Muehle-Karoxbostel-Saegemueller-0137-417x600.jpg 417w, https:\/\/Matthias-Clausen.de\/wp-content\/uploads\/2019\/03\/2019-03-17Muehle-Karoxbostel-Saegemueller-0137-768x1105.jpg 768w, https:\/\/Matthias-Clausen.de\/wp-content\/uploads\/2019\/03\/2019-03-17Muehle-Karoxbostel-Saegemueller-0137-209x300.jpg 209w, https:\/\/Matthias-Clausen.de\/wp-content\/uploads\/2019\/03\/2019-03-17Muehle-Karoxbostel-Saegemueller-0137.jpg 1335w\" sizes=\"auto, (max-width: 712px) 100vw, 712px\" \/><\/figure>\n\n\n\n<p>Mehr Informationen dazu gibt es sicherlich bald im <a href=\"https:\/\/www.wasserm\u00fchle-karoxbostel.de\/index.php\/muehlentagebuch\">M\u00fchlentagebuch<\/a>.<\/p>\n ","protected":false},"excerpt":{"rendered":"<p>An vier Samstagen im Februar\/ M\u00e4rz wurden \u00fcber zwanzig M\u00fchlenhelfer der Wasserm\u00fchle Karoxbostel zu S\u00e4gem\u00fcllern ausgebildet. Zum kr\u00f6nenden Abschluss gab es eine feierliche \u00dcbergabe der Urkunden und ein festliches M\u00fchlen-Mahl. Mehr Informationen dazu gibt es sicherlich bald im M\u00fchlentagebuch.<\/p>\n","protected":false},"author":1,"featured_media":1147,"comment_status":"open","ping_status":"open","sticky":false,"template":"","format":"standard","meta":{"_eb_attr":"","footnotes":""},"categories":[35],"tags":[],"class_list":["post-1146","post","type-post","status-publish","format-standard","has-post-thumbnail","hentry","category-wassermuhle-karoxborstel"],"yoast_head":"<!-- This site is optimized with the Yoast SEO plugin v27.5 - https:\/\/yoast.com\/product\/yoast-seo-wordpress\/ -->\n<title>Zum S\u00e4gem\u00fcller freigesprochen! - Matthias der Photograph<\/title>\n<meta name=\"robots\" content=\"index, follow, max-snippet:-1, max-image-preview:large, max-video-preview:-1\" \/>\n<link rel=\"canonical\" href=\"https:\/\/Matthias-Clausen.de\/?p=1146\" \/>\n<meta property=\"og:locale\" content=\"de_DE\" \/>\n<meta property=\"og:type\" content=\"article\" \/>\n<meta property=\"og:title\" content=\"Zum S\u00e4gem\u00fcller freigesprochen! - Matthias der Photograph\" \/>\n<meta property=\"og:description\" content=\"An vier Samstagen im Februar\/ M\u00e4rz wurden \u00fcber zwanzig M\u00fchlenhelfer der Wasserm\u00fchle Karoxbostel zu S\u00e4gem\u00fcllern ausgebildet. Zum kr\u00f6nenden Abschluss gab es eine feierliche \u00dcbergabe der Urkunden und ein festliches M\u00fchlen-Mahl. Mehr Informationen dazu gibt es sicherlich bald im M\u00fchlentagebuch.\" \/>\n<meta property=\"og:url\" content=\"https:\/\/Matthias-Clausen.de\/?p=1146\" \/>\n<meta property=\"og:site_name\" content=\"Matthias der Photograph\" \/>\n<meta property=\"article:published_time\" content=\"2019-03-18T17:44:29+00:00\" \/>\n<meta property=\"article:modified_time\" content=\"2019-03-18T17:45:49+00:00\" \/>\n<meta property=\"og:image\" content=\"https:\/\/Matthias-Clausen.de\/wp-content\/uploads\/2019\/03\/2019-03-17Muehle-Karoxbostel-Saegemueller-0137.jpg\" \/>\n\t<meta property=\"og:image:width\" content=\"1335\" \/>\n\t<meta property=\"og:image:height\" content=\"1920\" \/>\n\t<meta property=\"og:image:type\" content=\"image\/jpeg\" \/>\n<meta name=\"author\" content=\"claus\" \/>\n<meta name=\"twitter:label1\" content=\"Geschrieben von\" \/>\n\t<meta name=\"twitter:data1\" content=\"claus\" \/>\n<script type=\"application\/ld+json\" class=\"yoast-schema-graph\">{\"@context\":\"https:\\\/\\\/schema.org\",\"@graph\":[{\"@type\":\"Article\",\"@id\":\"https:\\\/\\\/Matthias-Clausen.de\\\/?p=1146#article\",\"isPartOf\":{\"@id\":\"https:\\\/\\\/Matthias-Clausen.de\\\/?p=1146\"},\"author\":{\"name\":\"claus\",\"@id\":\"https:\\\/\\\/Matthias-Clausen.de\\\/#\\\/schema\\\/person\\\/818ffacfc9c8e08e82aede772a813574\"},\"headline\":\"Zum S\u00e4gem\u00fcller freigesprochen!\",\"datePublished\":\"2019-03-18T17:44:29+00:00\",\"dateModified\":\"2019-03-18T17:45:49+00:00\",\"mainEntityOfPage\":{\"@id\":\"https:\\\/\\\/Matthias-Clausen.de\\\/?p=1146\"},\"wordCount\":52,\"commentCount\":0,\"image\":{\"@id\":\"https:\\\/\\\/Matthias-Clausen.de\\\/?p=1146#primaryimage\"},\"thumbnailUrl\":\"https:\\\/\\\/Matthias-Clausen.de\\\/wp-content\\\/uploads\\\/2019\\\/03\\\/2019-03-17Muehle-Karoxbostel-Saegemueller-0137.jpg\",\"articleSection\":[\"Wasserm\u00fchle Karoxborstel\"],\"inLanguage\":\"de\",\"potentialAction\":[{\"@type\":\"CommentAction\",\"name\":\"Comment\",\"target\":[\"https:\\\/\\\/Matthias-Clausen.de\\\/?p=1146#respond\"]}]},{\"@type\":\"WebPage\",\"@id\":\"https:\\\/\\\/Matthias-Clausen.de\\\/?p=1146\",\"url\":\"https:\\\/\\\/Matthias-Clausen.de\\\/?p=1146\",\"name\":\"Zum S\u00e4gem\u00fcller freigesprochen! - Matthias der Photograph\",\"isPartOf\":{\"@id\":\"https:\\\/\\\/Matthias-Clausen.de\\\/#website\"},\"primaryImageOfPage\":{\"@id\":\"https:\\\/\\\/Matthias-Clausen.de\\\/?p=1146#primaryimage\"},\"image\":{\"@id\":\"https:\\\/\\\/Matthias-Clausen.de\\\/?p=1146#primaryimage\"},\"thumbnailUrl\":\"https:\\\/\\\/Matthias-Clausen.de\\\/wp-content\\\/uploads\\\/2019\\\/03\\\/2019-03-17Muehle-Karoxbostel-Saegemueller-0137.jpg\",\"datePublished\":\"2019-03-18T17:44:29+00:00\",\"dateModified\":\"2019-03-18T17:45:49+00:00\",\"author\":{\"@id\":\"https:\\\/\\\/Matthias-Clausen.de\\\/#\\\/schema\\\/person\\\/818ffacfc9c8e08e82aede772a813574\"},\"breadcrumb\":{\"@id\":\"https:\\\/\\\/Matthias-Clausen.de\\\/?p=1146#breadcrumb\"},\"inLanguage\":\"de\",\"potentialAction\":[{\"@type\":\"ReadAction\",\"target\":[\"https:\\\/\\\/Matthias-Clausen.de\\\/?p=1146\"]}]},{\"@type\":\"ImageObject\",\"inLanguage\":\"de\",\"@id\":\"https:\\\/\\\/Matthias-Clausen.de\\\/?p=1146#primaryimage\",\"url\":\"https:\\\/\\\/Matthias-Clausen.de\\\/wp-content\\\/uploads\\\/2019\\\/03\\\/2019-03-17Muehle-Karoxbostel-Saegemueller-0137.jpg\",\"contentUrl\":\"https:\\\/\\\/Matthias-Clausen.de\\\/wp-content\\\/uploads\\\/2019\\\/03\\\/2019-03-17Muehle-Karoxbostel-Saegemueller-0137.jpg\",\"width\":1335,\"height\":1920},{\"@type\":\"BreadcrumbList\",\"@id\":\"https:\\\/\\\/Matthias-Clausen.de\\\/?p=1146#breadcrumb\",\"itemListElement\":[{\"@type\":\"ListItem\",\"position\":1,\"name\":\"Home\",\"item\":\"https:\\\/\\\/Matthias-Clausen.de\\\/\"},{\"@type\":\"ListItem\",\"position\":2,\"name\":\"Zum S\u00e4gem\u00fcller freigesprochen!\"}]},{\"@type\":\"WebSite\",\"@id\":\"https:\\\/\\\/Matthias-Clausen.de\\\/#website\",\"url\":\"https:\\\/\\\/Matthias-Clausen.de\\\/\",\"name\":\"Matthias der Photograph\",\"description\":\"The Beginning of the New\",\"potentialAction\":[{\"@type\":\"SearchAction\",\"target\":{\"@type\":\"EntryPoint\",\"urlTemplate\":\"https:\\\/\\\/Matthias-Clausen.de\\\/?s={search_term_string}\"},\"query-input\":{\"@type\":\"PropertyValueSpecification\",\"valueRequired\":true,\"valueName\":\"search_term_string\"}}],\"inLanguage\":\"de\"},{\"@type\":\"Person\",\"@id\":\"https:\\\/\\\/Matthias-Clausen.de\\\/#\\\/schema\\\/person\\\/818ffacfc9c8e08e82aede772a813574\",\"name\":\"claus\",\"image\":{\"@type\":\"ImageObject\",\"inLanguage\":\"de\",\"@id\":\"https:\\\/\\\/secure.gravatar.com\\\/avatar\\\/64b8814f6efe9cca97cf8498111b4cbe7c96f166a5b18faf4485f97646068f37?s=96&d=mm&r=g\",\"url\":\"https:\\\/\\\/secure.gravatar.com\\\/avatar\\\/64b8814f6efe9cca97cf8498111b4cbe7c96f166a5b18faf4485f97646068f37?s=96&d=mm&r=g\",\"contentUrl\":\"https:\\\/\\\/secure.gravatar.com\\\/avatar\\\/64b8814f6efe9cca97cf8498111b4cbe7c96f166a5b18faf4485f97646068f37?s=96&d=mm&r=g\",\"caption\":\"claus\"},\"url\":\"https:\\\/\\\/Matthias-Clausen.de\\\/?author=1\"}]}<\/script>\n<!-- \/ Yoast SEO plugin. -->","yoast_head_json":{"title":"Zum S\u00e4gem\u00fcller freigesprochen! - Matthias der Photograph","robots":{"index":"index","follow":"follow","max-snippet":"max-snippet:-1","max-image-preview":"max-image-preview:large","max-video-preview":"max-video-preview:-1"},"canonical":"https:\/\/Matthias-Clausen.de\/?p=1146","og_locale":"de_DE","og_type":"article","og_title":"Zum S\u00e4gem\u00fcller freigesprochen! - Matthias der Photograph","og_description":"An vier Samstagen im Februar\/ M\u00e4rz wurden \u00fcber zwanzig M\u00fchlenhelfer der Wasserm\u00fchle Karoxbostel zu S\u00e4gem\u00fcllern ausgebildet. Zum kr\u00f6nenden Abschluss gab es eine feierliche \u00dcbergabe der Urkunden und ein festliches M\u00fchlen-Mahl. Mehr Informationen dazu gibt es sicherlich bald im M\u00fchlentagebuch.","og_url":"https:\/\/Matthias-Clausen.de\/?p=1146","og_site_name":"Matthias der Photograph","article_published_time":"2019-03-18T17:44:29+00:00","article_modified_time":"2019-03-18T17:45:49+00:00","og_image":[{"width":1335,"height":1920,"url":"https:\/\/Matthias-Clausen.de\/wp-content\/uploads\/2019\/03\/2019-03-17Muehle-Karoxbostel-Saegemueller-0137.jpg","type":"image\/jpeg"}],"author":"claus","twitter_misc":{"Geschrieben von":"claus"},"schema":{"@context":"https:\/\/schema.org","@graph":[{"@type":"Article","@id":"https:\/\/Matthias-Clausen.de\/?p=1146#article","isPartOf":{"@id":"https:\/\/Matthias-Clausen.de\/?p=1146"},"author":{"name":"claus","@id":"https:\/\/Matthias-Clausen.de\/#\/schema\/person\/818ffacfc9c8e08e82aede772a813574"},"headline":"Zum S\u00e4gem\u00fcller freigesprochen!","datePublished":"2019-03-18T17:44:29+00:00","dateModified":"2019-03-18T17:45:49+00:00","mainEntityOfPage":{"@id":"https:\/\/Matthias-Clausen.de\/?p=1146"},"wordCount":52,"commentCount":0,"image":{"@id":"https:\/\/Matthias-Clausen.de\/?p=1146#primaryimage"},"thumbnailUrl":"https:\/\/Matthias-Clausen.de\/wp-content\/uploads\/2019\/03\/2019-03-17Muehle-Karoxbostel-Saegemueller-0137.jpg","articleSection":["Wasserm\u00fchle Karoxborstel"],"inLanguage":"de","potentialAction":[{"@type":"CommentAction","name":"Comment","target":["https:\/\/Matthias-Clausen.de\/?p=1146#respond"]}]},{"@type":"WebPage","@id":"https:\/\/Matthias-Clausen.de\/?p=1146","url":"https:\/\/Matthias-Clausen.de\/?p=1146","name":"Zum S\u00e4gem\u00fcller freigesprochen! - Matthias der Photograph","isPartOf":{"@id":"https:\/\/Matthias-Clausen.de\/#website"},"primaryImageOfPage":{"@id":"https:\/\/Matthias-Clausen.de\/?p=1146#primaryimage"},"image":{"@id":"https:\/\/Matthias-Clausen.de\/?p=1146#primaryimage"},"thumbnailUrl":"https:\/\/Matthias-Clausen.de\/wp-content\/uploads\/2019\/03\/2019-03-17Muehle-Karoxbostel-Saegemueller-0137.jpg","datePublished":"2019-03-18T17:44:29+00:00","dateModified":"2019-03-18T17:45:49+00:00","author":{"@id":"https:\/\/Matthias-Clausen.de\/#\/schema\/person\/818ffacfc9c8e08e82aede772a813574"},"breadcrumb":{"@id":"https:\/\/Matthias-Clausen.de\/?p=1146#breadcrumb"},"inLanguage":"de","potentialAction":[{"@type":"ReadAction","target":["https:\/\/Matthias-Clausen.de\/?p=1146"]}]},{"@type":"ImageObject","inLanguage":"de","@id":"https:\/\/Matthias-Clausen.de\/?p=1146#primaryimage","url":"https:\/\/Matthias-Clausen.de\/wp-content\/uploads\/2019\/03\/2019-03-17Muehle-Karoxbostel-Saegemueller-0137.jpg","contentUrl":"https:\/\/Matthias-Clausen.de\/wp-content\/uploads\/2019\/03\/2019-03-17Muehle-Karoxbostel-Saegemueller-0137.jpg","width":1335,"height":1920},{"@type":"BreadcrumbList","@id":"https:\/\/Matthias-Clausen.de\/?p=1146#breadcrumb","itemListElement":[{"@type":"ListItem","position":1,"name":"Home","item":"https:\/\/Matthias-Clausen.de\/"},{"@type":"ListItem","position":2,"name":"Zum S\u00e4gem\u00fcller freigesprochen!"}]},{"@type":"WebSite","@id":"https:\/\/Matthias-Clausen.de\/#website","url":"https:\/\/Matthias-Clausen.de\/","name":"Matthias der Photograph","description":"The Beginning of the New","potentialAction":[{"@type":"SearchAction","target":{"@type":"EntryPoint","urlTemplate":"https:\/\/Matthias-Clausen.de\/?s={search_term_string}"},"query-input":{"@type":"PropertyValueSpecification","valueRequired":true,"valueName":"search_term_string"}}],"inLanguage":"de"},{"@type":"Person","@id":"https:\/\/Matthias-Clausen.de\/#\/schema\/person\/818ffacfc9c8e08e82aede772a813574","name":"claus","image":{"@type":"ImageObject","inLanguage":"de","@id":"https:\/\/secure.gravatar.com\/avatar\/64b8814f6efe9cca97cf8498111b4cbe7c96f166a5b18faf4485f97646068f37?s=96&d=mm&r=g","url":"https:\/\/secure.gravatar.com\/avatar\/64b8814f6efe9cca97cf8498111b4cbe7c96f166a5b18faf4485f97646068f37?s=96&d=mm&r=g","contentUrl":"https:\/\/secure.gravatar.com\/avatar\/64b8814f6efe9cca97cf8498111b4cbe7c96f166a5b18faf4485f97646068f37?s=96&d=mm&r=g","caption":"claus"},"url":"https:\/\/Matthias-Clausen.de\/?author=1"}]}},"_links":{"self":[{"href":"https:\/\/Matthias-Clausen.de\/index.php?rest_route=\/wp\/v2\/posts\/1146","targetHints":{"allow":["GET"]}}],"collection":[{"href":"https:\/\/Matthias-Clausen.de\/index.php?rest_route=\/wp\/v2\/posts"}],"about":[{"href":"https:\/\/Matthias-Clausen.de\/index.php?rest_route=\/wp\/v2\/types\/post"}],"author":[{"embeddable":true,"href":"https:\/\/Matthias-Clausen.de\/index.php?rest_route=\/wp\/v2\/users\/1"}],"replies":[{"embeddable":true,"href":"https:\/\/Matthias-Clausen.de\/index.php?rest_route=%2Fwp%2Fv2%2Fcomments&post=1146"}],"version-history":[{"count":0,"href":"https:\/\/Matthias-Clausen.de\/index.php?rest_route=\/wp\/v2\/posts\/1146\/revisions"}],"wp:featuredmedia":[{"embeddable":true,"href":"https:\/\/Matthias-Clausen.de\/index.php?rest_route=\/wp\/v2\/media\/1147"}],"wp:attachment":[{"href":"https:\/\/Matthias-Clausen.de\/index.php?rest_route=%2Fwp%2Fv2%2Fmedia&parent=1146"}],"wp:term":[{"taxonomy":"category","embeddable":true,"href":"https:\/\/Matthias-Clausen.de\/index.php?rest_route=%2Fwp%2Fv2%2Fcategories&post=1146"},{"taxonomy":"post_tag","embeddable":true,"href":"https:\/\/Matthias-Clausen.de\/index.php?rest_route=%2Fwp%2Fv2%2Ftags&post=1146"}],"curies":[{"name":"wp","href":"https:\/\/api.w.org\/{rel}","templated":true}]}}