{"id":2413,"date":"2023-10-05T12:21:33","date_gmt":"2023-10-05T11:21:33","guid":{"rendered":"https:\/\/Matthias-Clausen.de\/?p=2413"},"modified":"2023-10-10T20:03:17","modified_gmt":"2023-10-10T19:03:17","slug":"50-jahre-abitur-eine-feier-in-zwei-akten","status":"publish","type":"post","link":"https:\/\/Matthias-Clausen.de\/?p=2413","title":{"rendered":"50 Jahre Abitur &#8211; eine Feier in zwei Akten"},"content":{"rendered":"\n<p>Am 30.9. hat sich zun\u00e4chst um 15:00 ein kleiner Kreis in der Wasserm\u00fchle Karoxbostel getroffen. Matthias hat die M\u00fchle beschrieben und zum Kaffee eingeladen.<\/p>\n\n\n\n<p>Wolfgang hat in der M\u00fchle flei\u00dfig gefilmt und mit den spannenden &#8217;50 Jahre in einer Minute&#8216; Beitr\u00e4gen ein Video zusammengestellt.<\/p>\n\n\n\n<div class=\"wp-block-envira-envira-gallery\"><div id=\"envira-gallery-wrap-2418\" class=\"envira-gallery-wrap envira-gallery-theme-base envira-lightbox-theme-base\" itemscope itemtype=\"https:\/\/schema.org\/ImageGallery\"><div data-row-height=\"150\" data-gallery-theme=\"normal\" id=\"envira-gallery-2418\" class=\"envira-gallery-public envira-gallery-justified-public envira-gallery-0-columns envira-clear enviratope envira-gallery-css-animations\" data-envira-columns=\"0\"><div id=\"envira-gallery-item-2414\" class=\"envira-gallery-item enviratope-item envira-gallery-item-1 envira-lazy-load\" style=\"padding-left: 1px; padding-bottom: 1px; padding-right: 1px;\"  itemscope itemtype=\"https:\/\/schema.org\/ImageObject\"><div class=\"envira-gallery-item-inner\"><div class=\"envira-gallery-position-overlay  envira-gallery-top-left\"><\/div><div class=\"envira-gallery-position-overlay  envira-gallery-top-right\"><\/div><div class=\"envira-gallery-position-overlay  envira-gallery-bottom-left\"><\/div><div class=\"envira-gallery-position-overlay  envira-gallery-bottom-right\"><\/div><a href=\"https:\/\/Matthias-Clausen.de\/wp-content\/uploads\/2023\/10\/30.09.2023-Die-alten-Jungs-mit-Dame-auf-dem-Muehlenhof-scaled.jpg\" class=\"envira-gallery-2418 envira-gallery-link\" rel=\"enviragallery2418\" title=\"30.09.2023-Die-alten-Jungs-mit-Dame-auf-dem-Muehlenhof\" data-envira-caption=\"30.09.2023-Die-alten-Jungs-mit-Dame-auf-dem-Muehlenhof\" data-envira-retina=\"\" data-thumbnail=\"\"  itemprop=\"contentUrl\"><img decoding=\"async\" id=\"envira-gallery-image-2414\" class=\"envira-gallery-image envira-gallery-image-1 envira-normal envira-lazy\" data-envira-index=\"1\" src=\"https:\/\/Matthias-Clausen.de\/wp-content\/uploads\/2023\/10\/30.09.2023-Die-alten-Jungs-mit-Dame-auf-dem-Muehlenhof-scaled-e1696688662756-800x468-640x480.jpg\" data-envira-src=\"https:\/\/Matthias-Clausen.de\/wp-content\/uploads\/2023\/10\/30.09.2023-Die-alten-Jungs-mit-Dame-auf-dem-Muehlenhof-scaled-e1696688662756-800x468-640x480.jpg\" data-envira-gallery-id=\"2418\" data-envira-item-id=\"2414\" data-envira-caption=\"30.09.2023-Die-alten-Jungs-mit-Dame-auf-dem-Muehlenhof\" alt=\"\" title=\"30.09.2023-Die-alten-Jungs-mit-Dame-auf-dem-Muehlenhof\"  itemprop=\"thumbnailUrl\" data-envira-srcset=\"https:\/\/Matthias-Clausen.de\/wp-content\/uploads\/2023\/10\/30.09.2023-Die-alten-Jungs-mit-Dame-auf-dem-Muehlenhof-scaled-e1696688662756-800x468-640x480.jpg 400w,https:\/\/Matthias-Clausen.de\/wp-content\/uploads\/2023\/10\/30.09.2023-Die-alten-Jungs-mit-Dame-auf-dem-Muehlenhof-scaled-e1696688662756-800x468-640x480.jpg 2x\" data-envira-width=\"800\" data-envira-height=\"468\" srcset=\"data:image\/gif;base64,R0lGODlhAQABAIAAAP\/\/\/\/\/\/\/yH5BAEKAAEALAAAAAABAAEAAAICTAEAOw==\" data-safe-src=\"data:image\/gif;base64,R0lGODlhAQABAIAAAP\/\/\/\/\/\/\/yH5BAEKAAEALAAAAAABAAEAAAICTAEAOw==\" \/><\/a><\/div><\/div><div id=\"envira-gallery-item-2415\" class=\"envira-gallery-item enviratope-item envira-gallery-item-2 envira-lazy-load\" style=\"padding-left: 1px; padding-bottom: 1px; padding-right: 1px;\"  itemscope itemtype=\"https:\/\/schema.org\/ImageObject\"><div class=\"envira-gallery-item-inner\"><div class=\"envira-gallery-position-overlay  envira-gallery-top-left\"><\/div><div class=\"envira-gallery-position-overlay  envira-gallery-top-right\"><\/div><div class=\"envira-gallery-position-overlay  envira-gallery-bottom-left\"><\/div><div class=\"envira-gallery-position-overlay  envira-gallery-bottom-right\"><\/div><a href=\"https:\/\/Matthias-Clausen.de\/wp-content\/uploads\/2023\/10\/30.09.2023-dito-scaled.jpg\" class=\"envira-gallery-2418 envira-gallery-link\" rel=\"enviragallery2418\" title=\"30.09.2023-dito\" data-envira-caption=\"30.09.2023-dito\" data-envira-retina=\"\" data-thumbnail=\"\"  itemprop=\"contentUrl\"><img decoding=\"async\" id=\"envira-gallery-image-2415\" class=\"envira-gallery-image envira-gallery-image-2 envira-normal envira-lazy\" data-envira-index=\"2\" src=\"https:\/\/Matthias-Clausen.de\/wp-content\/uploads\/2023\/10\/30.09.2023-dito-800x600-640x480.jpg\" data-envira-src=\"https:\/\/Matthias-Clausen.de\/wp-content\/uploads\/2023\/10\/30.09.2023-dito-800x600-640x480.jpg\" data-envira-gallery-id=\"2418\" data-envira-item-id=\"2415\" data-envira-caption=\"30.09.2023-dito\" alt=\"\" title=\"30.09.2023-dito\"  itemprop=\"thumbnailUrl\" data-envira-srcset=\"https:\/\/Matthias-Clausen.de\/wp-content\/uploads\/2023\/10\/30.09.2023-dito-800x600-640x480.jpg 400w,https:\/\/Matthias-Clausen.de\/wp-content\/uploads\/2023\/10\/30.09.2023-dito-800x600-640x480.jpg 2x\" data-envira-width=\"800\" data-envira-height=\"600\" srcset=\"data:image\/gif;base64,R0lGODlhAQABAIAAAP\/\/\/\/\/\/\/yH5BAEKAAEALAAAAAABAAEAAAICTAEAOw==\" data-safe-src=\"data:image\/gif;base64,R0lGODlhAQABAIAAAP\/\/\/\/\/\/\/yH5BAEKAAEALAAAAAABAAEAAAICTAEAOw==\" \/><\/a><\/div><\/div><div id=\"envira-gallery-item-2416\" class=\"envira-gallery-item enviratope-item envira-gallery-item-3 envira-lazy-load\" style=\"padding-left: 1px; padding-bottom: 1px; padding-right: 1px;\"  itemscope itemtype=\"https:\/\/schema.org\/ImageObject\"><div class=\"envira-gallery-item-inner\"><div class=\"envira-gallery-position-overlay  envira-gallery-top-left\"><\/div><div class=\"envira-gallery-position-overlay  envira-gallery-top-right\"><\/div><div class=\"envira-gallery-position-overlay  envira-gallery-bottom-left\"><\/div><div class=\"envira-gallery-position-overlay  envira-gallery-bottom-right\"><\/div><a href=\"https:\/\/Matthias-Clausen.de\/wp-content\/uploads\/2023\/10\/30.09.2023-Getreidemueller-Matthias-Clausen-scaled.jpg\" class=\"envira-gallery-2418 envira-gallery-link\" rel=\"enviragallery2418\" title=\"30.09.2023-Getreidemueller-Matthias-Clausen\" data-envira-caption=\"30.09.2023-Getreidemueller-Matthias-Clausen\" data-envira-retina=\"\" data-thumbnail=\"\"  itemprop=\"contentUrl\"><img decoding=\"async\" id=\"envira-gallery-image-2416\" class=\"envira-gallery-image envira-gallery-image-3 envira-normal envira-lazy\" data-envira-index=\"3\" src=\"https:\/\/Matthias-Clausen.de\/wp-content\/uploads\/2023\/10\/30.09.2023-Getreidemueller-Matthias-Clausen-800x600-640x480.jpg\" data-envira-src=\"https:\/\/Matthias-Clausen.de\/wp-content\/uploads\/2023\/10\/30.09.2023-Getreidemueller-Matthias-Clausen-800x600-640x480.jpg\" data-envira-gallery-id=\"2418\" data-envira-item-id=\"2416\" data-envira-caption=\"30.09.2023-Getreidemueller-Matthias-Clausen\" alt=\"\" title=\"30.09.2023-Getreidemueller-Matthias-Clausen\"  itemprop=\"thumbnailUrl\" data-envira-srcset=\"https:\/\/Matthias-Clausen.de\/wp-content\/uploads\/2023\/10\/30.09.2023-Getreidemueller-Matthias-Clausen-800x600-640x480.jpg 400w,https:\/\/Matthias-Clausen.de\/wp-content\/uploads\/2023\/10\/30.09.2023-Getreidemueller-Matthias-Clausen-800x600-640x480.jpg 2x\" data-envira-width=\"800\" data-envira-height=\"600\" srcset=\"data:image\/gif;base64,R0lGODlhAQABAIAAAP\/\/\/\/\/\/\/yH5BAEKAAEALAAAAAABAAEAAAICTAEAOw==\" data-safe-src=\"data:image\/gif;base64,R0lGODlhAQABAIAAAP\/\/\/\/\/\/\/yH5BAEKAAEALAAAAAABAAEAAAICTAEAOw==\" \/><\/a><\/div><\/div><div id=\"envira-gallery-item-2417\" class=\"envira-gallery-item enviratope-item envira-gallery-item-4 envira-lazy-load\" style=\"padding-left: 1px; padding-bottom: 1px; padding-right: 1px;\"  itemscope itemtype=\"https:\/\/schema.org\/ImageObject\"><div class=\"envira-gallery-item-inner\"><div class=\"envira-gallery-position-overlay  envira-gallery-top-left\"><\/div><div class=\"envira-gallery-position-overlay  envira-gallery-top-right\"><\/div><div class=\"envira-gallery-position-overlay  envira-gallery-bottom-left\"><\/div><div class=\"envira-gallery-position-overlay  envira-gallery-bottom-right\"><\/div><a href=\"https:\/\/Matthias-Clausen.de\/wp-content\/uploads\/2023\/10\/30.09.2023-Saegemueller-Matthias-Clausen-scaled.jpg\" class=\"envira-gallery-2418 envira-gallery-link\" rel=\"enviragallery2418\" title=\"30.09.2023-Saegemueller-Matthias-Clausen\" data-envira-caption=\"30.09.2023-Saegemueller-Matthias-Clausen\" data-envira-retina=\"\" data-thumbnail=\"\"  itemprop=\"contentUrl\"><img decoding=\"async\" id=\"envira-gallery-image-2417\" class=\"envira-gallery-image envira-gallery-image-4 envira-normal envira-lazy\" data-envira-index=\"4\" src=\"https:\/\/Matthias-Clausen.de\/wp-content\/uploads\/2023\/10\/30.09.2023-Saegemueller-Matthias-Clausen-450x600-640x480.jpg\" data-envira-src=\"https:\/\/Matthias-Clausen.de\/wp-content\/uploads\/2023\/10\/30.09.2023-Saegemueller-Matthias-Clausen-450x600-640x480.jpg\" data-envira-gallery-id=\"2418\" data-envira-item-id=\"2417\" data-envira-caption=\"30.09.2023-Saegemueller-Matthias-Clausen\" alt=\"\" title=\"30.09.2023-Saegemueller-Matthias-Clausen\"  itemprop=\"thumbnailUrl\" data-envira-srcset=\"https:\/\/Matthias-Clausen.de\/wp-content\/uploads\/2023\/10\/30.09.2023-Saegemueller-Matthias-Clausen-450x600-640x480.jpg 400w,https:\/\/Matthias-Clausen.de\/wp-content\/uploads\/2023\/10\/30.09.2023-Saegemueller-Matthias-Clausen-450x600-640x480.jpg 2x\" data-envira-width=\"450\" data-envira-height=\"600\" srcset=\"data:image\/gif;base64,R0lGODlhAQABAIAAAP\/\/\/\/\/\/\/yH5BAEKAAEALAAAAAABAAEAAAICTAEAOw==\" data-safe-src=\"data:image\/gif;base64,R0lGODlhAQABAIAAAP\/\/\/\/\/\/\/yH5BAEKAAEALAAAAAABAAEAAAICTAEAOw==\" \/><\/a><\/div><\/div><\/div><\/div><noscript><img decoding=\"async\" src=\"https:\/\/Matthias-Clausen.de\/wp-content\/uploads\/2023\/10\/30.09.2023-Die-alten-Jungs-mit-Dame-auf-dem-Muehlenhof-scaled-e1696688662756.jpg\" alt=\"\" \/><img decoding=\"async\" src=\"https:\/\/Matthias-Clausen.de\/wp-content\/uploads\/2023\/10\/30.09.2023-dito-scaled.jpg\" alt=\"\" \/><img decoding=\"async\" src=\"https:\/\/Matthias-Clausen.de\/wp-content\/uploads\/2023\/10\/30.09.2023-Getreidemueller-Matthias-Clausen-scaled.jpg\" alt=\"\" \/><img decoding=\"async\" src=\"https:\/\/Matthias-Clausen.de\/wp-content\/uploads\/2023\/10\/30.09.2023-Saegemueller-Matthias-Clausen-scaled.jpg\" alt=\"\" \/><\/noscript><\/div>\n\n\n\n<p>Vielen Dank an Holger f\u00fcr seine Fotos!<\/p>\n\n\n\n<p>&#8230; und an Wolfgang f\u00fcr seinen Film, den ihr hier bei YouTube ansehen k\u00f6nnt.<\/p>\n\n\n\n<figure class=\"wp-block-embed is-type-video is-provider-youtube wp-block-embed-youtube wp-embed-aspect-16-9 wp-has-aspect-ratio\"><div class=\"wp-block-embed__wrapper\">\n<iframe loading=\"lazy\" title=\"F\u00fcnfzig Jahre EINER Minute!\" width=\"584\" height=\"329\" src=\"https:\/\/www.youtube.com\/embed\/2J2wrFUDFzo?feature=oembed\" frameborder=\"0\" allow=\"accelerometer; autoplay; clipboard-write; encrypted-media; gyroscope; picture-in-picture; web-share\" referrerpolicy=\"strict-origin-when-cross-origin\" allowfullscreen><\/iframe>\n<\/div><\/figure>\n\n\n\n<p>Mal sehen, was im 2. Akt vom 7.10. noch dazu kommt.<\/p>\n\n\n\n<p>Wolfgang war ganz flei\u00dfig und hat die drei &#8217;50 Jahre in einer Minute&#8216; Beitr\u00e4ge vom 7.10. dem Video hinzugef\u00fcgt.<br \/>Vielen Dank daf\u00fcr!!<\/p>\n\n\n\n<p><strong>Wir sehen uns auf alle F\u00e4lle in f\u00fcnf (5!) Jahren wieder.<\/strong><\/p>\n\n\n\n<p><\/p>\n ","protected":false},"excerpt":{"rendered":"<p>Am 30.9. hat sich zun\u00e4chst um 15:00 ein kleiner Kreis in der Wasserm\u00fchle Karoxbostel getroffen. Matthias hat die M\u00fchle beschrieben und zum Kaffee eingeladen. Wolfgang hat in der M\u00fchle flei\u00dfig gefilmt und mit den spannenden &#8217;50 Jahre in einer Minute&#8216; &hellip; <a href=\"https:\/\/Matthias-Clausen.de\/?p=2413\">Weiterlesen <span class=\"meta-nav\">&rarr;<\/span><\/a><\/p>\n","protected":false},"author":1,"featured_media":2414,"comment_status":"open","ping_status":"open","sticky":false,"template":"","format":"standard","meta":{"_eb_attr":"","footnotes":""},"categories":[257,34],"tags":[],"class_list":["post-2413","post","type-post","status-publish","format-standard","has-post-thumbnail","hentry","category-klassentreffen","category-themen"],"yoast_head":"<!-- This site is optimized with the Yoast SEO plugin v27.5 - https:\/\/yoast.com\/product\/yoast-seo-wordpress\/ -->\n<title>50 Jahre Abitur - eine Feier in zwei Akten - Matthias der Photograph<\/title>\n<meta name=\"robots\" content=\"index, follow, max-snippet:-1, max-image-preview:large, max-video-preview:-1\" \/>\n<link rel=\"canonical\" href=\"https:\/\/Matthias-Clausen.de\/?p=2413\" \/>\n<meta property=\"og:locale\" content=\"de_DE\" \/>\n<meta property=\"og:type\" content=\"article\" \/>\n<meta property=\"og:title\" content=\"50 Jahre Abitur - eine Feier in zwei Akten - Matthias der Photograph\" \/>\n<meta property=\"og:description\" content=\"Am 30.9. hat sich zun\u00e4chst um 15:00 ein kleiner Kreis in der Wasserm\u00fchle Karoxbostel getroffen. Matthias hat die M\u00fchle beschrieben und zum Kaffee eingeladen. Wolfgang hat in der M\u00fchle flei\u00dfig gefilmt und mit den spannenden &#8217;50 Jahre in einer Minute&#8216; &hellip; Weiterlesen &rarr;\" \/>\n<meta property=\"og:url\" content=\"https:\/\/Matthias-Clausen.de\/?p=2413\" \/>\n<meta property=\"og:site_name\" content=\"Matthias der Photograph\" \/>\n<meta property=\"article:published_time\" content=\"2023-10-05T11:21:33+00:00\" \/>\n<meta property=\"article:modified_time\" content=\"2023-10-10T19:03:17+00:00\" \/>\n<meta property=\"og:image\" content=\"https:\/\/Matthias-Clausen.de\/wp-content\/uploads\/2023\/10\/30.09.2023-Die-alten-Jungs-mit-Dame-auf-dem-Muehlenhof-scaled-e1696688662756.jpg\" \/>\n\t<meta property=\"og:image:width\" content=\"2248\" \/>\n\t<meta property=\"og:image:height\" content=\"1314\" \/>\n\t<meta property=\"og:image:type\" content=\"image\/jpeg\" \/>\n<meta name=\"author\" content=\"claus\" \/>\n<meta name=\"twitter:label1\" content=\"Geschrieben von\" \/>\n\t<meta name=\"twitter:data1\" content=\"claus\" \/>\n\t<meta name=\"twitter:label2\" content=\"Gesch\u00e4tzte Lesezeit\" \/>\n\t<meta name=\"twitter:data2\" content=\"1\u00a0Minute\" \/>\n<script type=\"application\/ld+json\" class=\"yoast-schema-graph\">{\"@context\":\"https:\\\/\\\/schema.org\",\"@graph\":[{\"@type\":\"Article\",\"@id\":\"https:\\\/\\\/Matthias-Clausen.de\\\/?p=2413#article\",\"isPartOf\":{\"@id\":\"https:\\\/\\\/Matthias-Clausen.de\\\/?p=2413\"},\"author\":{\"name\":\"claus\",\"@id\":\"https:\\\/\\\/Matthias-Clausen.de\\\/#\\\/schema\\\/person\\\/818ffacfc9c8e08e82aede772a813574\"},\"headline\":\"50 Jahre Abitur &#8211; eine Feier in zwei Akten\",\"datePublished\":\"2023-10-05T11:21:33+00:00\",\"dateModified\":\"2023-10-10T19:03:17+00:00\",\"mainEntityOfPage\":{\"@id\":\"https:\\\/\\\/Matthias-Clausen.de\\\/?p=2413\"},\"wordCount\":130,\"commentCount\":0,\"image\":{\"@id\":\"https:\\\/\\\/Matthias-Clausen.de\\\/?p=2413#primaryimage\"},\"thumbnailUrl\":\"https:\\\/\\\/Matthias-Clausen.de\\\/wp-content\\\/uploads\\\/2023\\\/10\\\/30.09.2023-Die-alten-Jungs-mit-Dame-auf-dem-Muehlenhof-scaled-e1696688662756.jpg\",\"articleSection\":[\"Klassentreffen\",\"Themen\"],\"inLanguage\":\"de\",\"potentialAction\":[{\"@type\":\"CommentAction\",\"name\":\"Comment\",\"target\":[\"https:\\\/\\\/Matthias-Clausen.de\\\/?p=2413#respond\"]}]},{\"@type\":\"WebPage\",\"@id\":\"https:\\\/\\\/Matthias-Clausen.de\\\/?p=2413\",\"url\":\"https:\\\/\\\/Matthias-Clausen.de\\\/?p=2413\",\"name\":\"50 Jahre Abitur - eine Feier in zwei Akten - Matthias der Photograph\",\"isPartOf\":{\"@id\":\"https:\\\/\\\/Matthias-Clausen.de\\\/#website\"},\"primaryImageOfPage\":{\"@id\":\"https:\\\/\\\/Matthias-Clausen.de\\\/?p=2413#primaryimage\"},\"image\":{\"@id\":\"https:\\\/\\\/Matthias-Clausen.de\\\/?p=2413#primaryimage\"},\"thumbnailUrl\":\"https:\\\/\\\/Matthias-Clausen.de\\\/wp-content\\\/uploads\\\/2023\\\/10\\\/30.09.2023-Die-alten-Jungs-mit-Dame-auf-dem-Muehlenhof-scaled-e1696688662756.jpg\",\"datePublished\":\"2023-10-05T11:21:33+00:00\",\"dateModified\":\"2023-10-10T19:03:17+00:00\",\"author\":{\"@id\":\"https:\\\/\\\/Matthias-Clausen.de\\\/#\\\/schema\\\/person\\\/818ffacfc9c8e08e82aede772a813574\"},\"breadcrumb\":{\"@id\":\"https:\\\/\\\/Matthias-Clausen.de\\\/?p=2413#breadcrumb\"},\"inLanguage\":\"de\",\"potentialAction\":[{\"@type\":\"ReadAction\",\"target\":[\"https:\\\/\\\/Matthias-Clausen.de\\\/?p=2413\"]}]},{\"@type\":\"ImageObject\",\"inLanguage\":\"de\",\"@id\":\"https:\\\/\\\/Matthias-Clausen.de\\\/?p=2413#primaryimage\",\"url\":\"https:\\\/\\\/Matthias-Clausen.de\\\/wp-content\\\/uploads\\\/2023\\\/10\\\/30.09.2023-Die-alten-Jungs-mit-Dame-auf-dem-Muehlenhof-scaled-e1696688662756.jpg\",\"contentUrl\":\"https:\\\/\\\/Matthias-Clausen.de\\\/wp-content\\\/uploads\\\/2023\\\/10\\\/30.09.2023-Die-alten-Jungs-mit-Dame-auf-dem-Muehlenhof-scaled-e1696688662756.jpg\",\"width\":2248,\"height\":1314},{\"@type\":\"BreadcrumbList\",\"@id\":\"https:\\\/\\\/Matthias-Clausen.de\\\/?p=2413#breadcrumb\",\"itemListElement\":[{\"@type\":\"ListItem\",\"position\":1,\"name\":\"Home\",\"item\":\"https:\\\/\\\/Matthias-Clausen.de\\\/\"},{\"@type\":\"ListItem\",\"position\":2,\"name\":\"50 Jahre Abitur &#8211; eine Feier in zwei Akten\"}]},{\"@type\":\"WebSite\",\"@id\":\"https:\\\/\\\/Matthias-Clausen.de\\\/#website\",\"url\":\"https:\\\/\\\/Matthias-Clausen.de\\\/\",\"name\":\"Matthias der Photograph\",\"description\":\"The Beginning of the New\",\"potentialAction\":[{\"@type\":\"SearchAction\",\"target\":{\"@type\":\"EntryPoint\",\"urlTemplate\":\"https:\\\/\\\/Matthias-Clausen.de\\\/?s={search_term_string}\"},\"query-input\":{\"@type\":\"PropertyValueSpecification\",\"valueRequired\":true,\"valueName\":\"search_term_string\"}}],\"inLanguage\":\"de\"},{\"@type\":\"Person\",\"@id\":\"https:\\\/\\\/Matthias-Clausen.de\\\/#\\\/schema\\\/person\\\/818ffacfc9c8e08e82aede772a813574\",\"name\":\"claus\",\"image\":{\"@type\":\"ImageObject\",\"inLanguage\":\"de\",\"@id\":\"https:\\\/\\\/secure.gravatar.com\\\/avatar\\\/64b8814f6efe9cca97cf8498111b4cbe7c96f166a5b18faf4485f97646068f37?s=96&d=mm&r=g\",\"url\":\"https:\\\/\\\/secure.gravatar.com\\\/avatar\\\/64b8814f6efe9cca97cf8498111b4cbe7c96f166a5b18faf4485f97646068f37?s=96&d=mm&r=g\",\"contentUrl\":\"https:\\\/\\\/secure.gravatar.com\\\/avatar\\\/64b8814f6efe9cca97cf8498111b4cbe7c96f166a5b18faf4485f97646068f37?s=96&d=mm&r=g\",\"caption\":\"claus\"},\"url\":\"https:\\\/\\\/Matthias-Clausen.de\\\/?author=1\"}]}<\/script>\n<!-- \/ Yoast SEO plugin. -->","yoast_head_json":{"title":"50 Jahre Abitur - eine Feier in zwei Akten - Matthias der Photograph","robots":{"index":"index","follow":"follow","max-snippet":"max-snippet:-1","max-image-preview":"max-image-preview:large","max-video-preview":"max-video-preview:-1"},"canonical":"https:\/\/Matthias-Clausen.de\/?p=2413","og_locale":"de_DE","og_type":"article","og_title":"50 Jahre Abitur - eine Feier in zwei Akten - Matthias der Photograph","og_description":"Am 30.9. hat sich zun\u00e4chst um 15:00 ein kleiner Kreis in der Wasserm\u00fchle Karoxbostel getroffen. Matthias hat die M\u00fchle beschrieben und zum Kaffee eingeladen. Wolfgang hat in der M\u00fchle flei\u00dfig gefilmt und mit den spannenden &#8217;50 Jahre in einer Minute&#8216; &hellip; Weiterlesen &rarr;","og_url":"https:\/\/Matthias-Clausen.de\/?p=2413","og_site_name":"Matthias der Photograph","article_published_time":"2023-10-05T11:21:33+00:00","article_modified_time":"2023-10-10T19:03:17+00:00","og_image":[{"width":2248,"height":1314,"url":"https:\/\/Matthias-Clausen.de\/wp-content\/uploads\/2023\/10\/30.09.2023-Die-alten-Jungs-mit-Dame-auf-dem-Muehlenhof-scaled-e1696688662756.jpg","type":"image\/jpeg"}],"author":"claus","twitter_misc":{"Geschrieben von":"claus","Gesch\u00e4tzte Lesezeit":"1\u00a0Minute"},"schema":{"@context":"https:\/\/schema.org","@graph":[{"@type":"Article","@id":"https:\/\/Matthias-Clausen.de\/?p=2413#article","isPartOf":{"@id":"https:\/\/Matthias-Clausen.de\/?p=2413"},"author":{"name":"claus","@id":"https:\/\/Matthias-Clausen.de\/#\/schema\/person\/818ffacfc9c8e08e82aede772a813574"},"headline":"50 Jahre Abitur &#8211; eine Feier in zwei Akten","datePublished":"2023-10-05T11:21:33+00:00","dateModified":"2023-10-10T19:03:17+00:00","mainEntityOfPage":{"@id":"https:\/\/Matthias-Clausen.de\/?p=2413"},"wordCount":130,"commentCount":0,"image":{"@id":"https:\/\/Matthias-Clausen.de\/?p=2413#primaryimage"},"thumbnailUrl":"https:\/\/Matthias-Clausen.de\/wp-content\/uploads\/2023\/10\/30.09.2023-Die-alten-Jungs-mit-Dame-auf-dem-Muehlenhof-scaled-e1696688662756.jpg","articleSection":["Klassentreffen","Themen"],"inLanguage":"de","potentialAction":[{"@type":"CommentAction","name":"Comment","target":["https:\/\/Matthias-Clausen.de\/?p=2413#respond"]}]},{"@type":"WebPage","@id":"https:\/\/Matthias-Clausen.de\/?p=2413","url":"https:\/\/Matthias-Clausen.de\/?p=2413","name":"50 Jahre Abitur - eine Feier in zwei Akten - Matthias der Photograph","isPartOf":{"@id":"https:\/\/Matthias-Clausen.de\/#website"},"primaryImageOfPage":{"@id":"https:\/\/Matthias-Clausen.de\/?p=2413#primaryimage"},"image":{"@id":"https:\/\/Matthias-Clausen.de\/?p=2413#primaryimage"},"thumbnailUrl":"https:\/\/Matthias-Clausen.de\/wp-content\/uploads\/2023\/10\/30.09.2023-Die-alten-Jungs-mit-Dame-auf-dem-Muehlenhof-scaled-e1696688662756.jpg","datePublished":"2023-10-05T11:21:33+00:00","dateModified":"2023-10-10T19:03:17+00:00","author":{"@id":"https:\/\/Matthias-Clausen.de\/#\/schema\/person\/818ffacfc9c8e08e82aede772a813574"},"breadcrumb":{"@id":"https:\/\/Matthias-Clausen.de\/?p=2413#breadcrumb"},"inLanguage":"de","potentialAction":[{"@type":"ReadAction","target":["https:\/\/Matthias-Clausen.de\/?p=2413"]}]},{"@type":"ImageObject","inLanguage":"de","@id":"https:\/\/Matthias-Clausen.de\/?p=2413#primaryimage","url":"https:\/\/Matthias-Clausen.de\/wp-content\/uploads\/2023\/10\/30.09.2023-Die-alten-Jungs-mit-Dame-auf-dem-Muehlenhof-scaled-e1696688662756.jpg","contentUrl":"https:\/\/Matthias-Clausen.de\/wp-content\/uploads\/2023\/10\/30.09.2023-Die-alten-Jungs-mit-Dame-auf-dem-Muehlenhof-scaled-e1696688662756.jpg","width":2248,"height":1314},{"@type":"BreadcrumbList","@id":"https:\/\/Matthias-Clausen.de\/?p=2413#breadcrumb","itemListElement":[{"@type":"ListItem","position":1,"name":"Home","item":"https:\/\/Matthias-Clausen.de\/"},{"@type":"ListItem","position":2,"name":"50 Jahre Abitur &#8211; eine Feier in zwei Akten"}]},{"@type":"WebSite","@id":"https:\/\/Matthias-Clausen.de\/#website","url":"https:\/\/Matthias-Clausen.de\/","name":"Matthias der Photograph","description":"The Beginning of the New","potentialAction":[{"@type":"SearchAction","target":{"@type":"EntryPoint","urlTemplate":"https:\/\/Matthias-Clausen.de\/?s={search_term_string}"},"query-input":{"@type":"PropertyValueSpecification","valueRequired":true,"valueName":"search_term_string"}}],"inLanguage":"de"},{"@type":"Person","@id":"https:\/\/Matthias-Clausen.de\/#\/schema\/person\/818ffacfc9c8e08e82aede772a813574","name":"claus","image":{"@type":"ImageObject","inLanguage":"de","@id":"https:\/\/secure.gravatar.com\/avatar\/64b8814f6efe9cca97cf8498111b4cbe7c96f166a5b18faf4485f97646068f37?s=96&d=mm&r=g","url":"https:\/\/secure.gravatar.com\/avatar\/64b8814f6efe9cca97cf8498111b4cbe7c96f166a5b18faf4485f97646068f37?s=96&d=mm&r=g","contentUrl":"https:\/\/secure.gravatar.com\/avatar\/64b8814f6efe9cca97cf8498111b4cbe7c96f166a5b18faf4485f97646068f37?s=96&d=mm&r=g","caption":"claus"},"url":"https:\/\/Matthias-Clausen.de\/?author=1"}]}},"_links":{"self":[{"href":"https:\/\/Matthias-Clausen.de\/index.php?rest_route=\/wp\/v2\/posts\/2413","targetHints":{"allow":["GET"]}}],"collection":[{"href":"https:\/\/Matthias-Clausen.de\/index.php?rest_route=\/wp\/v2\/posts"}],"about":[{"href":"https:\/\/Matthias-Clausen.de\/index.php?rest_route=\/wp\/v2\/types\/post"}],"author":[{"embeddable":true,"href":"https:\/\/Matthias-Clausen.de\/index.php?rest_route=\/wp\/v2\/users\/1"}],"replies":[{"embeddable":true,"href":"https:\/\/Matthias-Clausen.de\/index.php?rest_route=%2Fwp%2Fv2%2Fcomments&post=2413"}],"version-history":[{"count":0,"href":"https:\/\/Matthias-Clausen.de\/index.php?rest_route=\/wp\/v2\/posts\/2413\/revisions"}],"wp:featuredmedia":[{"embeddable":true,"href":"https:\/\/Matthias-Clausen.de\/index.php?rest_route=\/wp\/v2\/media\/2414"}],"wp:attachment":[{"href":"https:\/\/Matthias-Clausen.de\/index.php?rest_route=%2Fwp%2Fv2%2Fmedia&parent=2413"}],"wp:term":[{"taxonomy":"category","embeddable":true,"href":"https:\/\/Matthias-Clausen.de\/index.php?rest_route=%2Fwp%2Fv2%2Fcategories&post=2413"},{"taxonomy":"post_tag","embeddable":true,"href":"https:\/\/Matthias-Clausen.de\/index.php?rest_route=%2Fwp%2Fv2%2Ftags&post=2413"}],"curies":[{"name":"wp","href":"https:\/\/api.w.org\/{rel}","templated":true}]}}