{"id":502,"date":"2015-11-12T12:02:55","date_gmt":"2015-11-12T11:02:55","guid":{"rendered":"http:\/\/clausen.homeip.net\/wordpress\/?p=502"},"modified":"2015-11-12T12:02:55","modified_gmt":"2015-11-12T11:02:55","slug":"der-mond-uber-airlie-beach","status":"publish","type":"post","link":"https:\/\/Matthias-Clausen.de\/?p=502","title":{"rendered":"Der Mond \u00fcber Airlie Beach"},"content":{"rendered":"<p>Nich nur bei einer Mondfinsternis erstrahlt der Mond in gelbem Licht.<br \/>\nAuch wenn er \u00fcber dem Horizont auftaucht.<br \/>\nHier erscheint der Mont \u00fcber einer H\u00fcgelkette in Airlie Beach.<br \/>\nDiese Konstelletion gab es ~um 20:30. In den folgenden Tagen tauchte Mond dann aber immer sp\u00e4ter auf &#8211; so wie wir es auch kennen.<\/p>\n<p>(teilweise erst gegen 23:00)<\/p>\n<div id=\"attachment_503\" style=\"width: 810px\" class=\"wp-caption aligncenter\"><a href=\"http:\/\/clausen.homeip.net\/wordpress\/wp-content\/uploads\/2015\/11\/MCA0013.jpg\"><img loading=\"lazy\" decoding=\"async\" aria-describedby=\"caption-attachment-503\" class=\"size-medium wp-image-503\" src=\"http:\/\/clausen.homeip.net\/wordpress\/wp-content\/uploads\/2015\/11\/MCA0013-800x600.jpg\" alt=\"Der Mond \u00fcber Airlie Beach\" width=\"800\" height=\"600\" srcset=\"https:\/\/Matthias-Clausen.de\/wp-content\/uploads\/2015\/11\/MCA0013-800x600.jpg 800w, https:\/\/Matthias-Clausen.de\/wp-content\/uploads\/2015\/11\/MCA0013-150x113.jpg 150w, https:\/\/Matthias-Clausen.de\/wp-content\/uploads\/2015\/11\/MCA0013-400x300.jpg 400w, https:\/\/Matthias-Clausen.de\/wp-content\/uploads\/2015\/11\/MCA0013.jpg 881w\" sizes=\"auto, (max-width: 800px) 100vw, 800px\" \/><\/a><p id=\"caption-attachment-503\" class=\"wp-caption-text\">Der Mond \u00fcber Airlie Beach<\/p><\/div>\n ","protected":false},"excerpt":{"rendered":"<p>Nich nur bei einer Mondfinsternis erstrahlt der Mond in gelbem Licht. Auch wenn er \u00fcber dem Horizont auftaucht. Hier erscheint der Mont \u00fcber einer H\u00fcgelkette in Airlie Beach. Diese Konstelletion gab es ~um 20:30. In den folgenden Tagen tauchte Mond &hellip; <a href=\"https:\/\/Matthias-Clausen.de\/?p=502\">Weiterlesen <span class=\"meta-nav\">&rarr;<\/span><\/a><\/p>\n","protected":false},"author":1,"featured_media":0,"comment_status":"open","ping_status":"open","sticky":false,"template":"","format":"standard","meta":{"_eb_attr":"","footnotes":""},"categories":[76,17],"tags":[145,144,143,131,130,146],"class_list":["post-502","post","type-post","status-publish","format-standard","hentry","category-nature","category-reise-travel","tag-gelb","tag-horizon","tag-horizont","tag-mond","tag-moon","tag-yellow"],"yoast_head":"<!-- This site is optimized with the Yoast SEO plugin v27.4 - https:\/\/yoast.com\/product\/yoast-seo-wordpress\/ -->\n<title>Der Mond \u00fcber Airlie Beach - Matthias der Photograph<\/title>\n<meta name=\"robots\" content=\"index, follow, max-snippet:-1, max-image-preview:large, max-video-preview:-1\" \/>\n<link rel=\"canonical\" href=\"https:\/\/Matthias-Clausen.de\/?p=502\" \/>\n<meta property=\"og:locale\" content=\"de_DE\" \/>\n<meta property=\"og:type\" content=\"article\" \/>\n<meta property=\"og:title\" content=\"Der Mond \u00fcber Airlie Beach - Matthias der Photograph\" \/>\n<meta property=\"og:description\" content=\"Nich nur bei einer Mondfinsternis erstrahlt der Mond in gelbem Licht. Auch wenn er \u00fcber dem Horizont auftaucht. Hier erscheint der Mont \u00fcber einer H\u00fcgelkette in Airlie Beach. Diese Konstelletion gab es ~um 20:30. In den folgenden Tagen tauchte Mond &hellip; Weiterlesen &rarr;\" \/>\n<meta property=\"og:url\" content=\"https:\/\/Matthias-Clausen.de\/?p=502\" \/>\n<meta property=\"og:site_name\" content=\"Matthias der Photograph\" \/>\n<meta property=\"article:published_time\" content=\"2015-11-12T11:02:55+00:00\" \/>\n<meta property=\"og:image\" content=\"http:\/\/clausen.homeip.net\/wordpress\/wp-content\/uploads\/2015\/11\/MCA0013-800x600.jpg\" \/>\n<meta name=\"author\" content=\"claus\" \/>\n<meta name=\"twitter:label1\" content=\"Geschrieben von\" \/>\n\t<meta name=\"twitter:data1\" content=\"claus\" \/>\n<script type=\"application\/ld+json\" class=\"yoast-schema-graph\">{\"@context\":\"https:\\\/\\\/schema.org\",\"@graph\":[{\"@type\":\"Article\",\"@id\":\"https:\\\/\\\/Matthias-Clausen.de\\\/?p=502#article\",\"isPartOf\":{\"@id\":\"https:\\\/\\\/Matthias-Clausen.de\\\/?p=502\"},\"author\":{\"name\":\"claus\",\"@id\":\"https:\\\/\\\/Matthias-Clausen.de\\\/#\\\/schema\\\/person\\\/818ffacfc9c8e08e82aede772a813574\"},\"headline\":\"Der Mond \u00fcber Airlie Beach\",\"datePublished\":\"2015-11-12T11:02:55+00:00\",\"mainEntityOfPage\":{\"@id\":\"https:\\\/\\\/Matthias-Clausen.de\\\/?p=502\"},\"wordCount\":73,\"commentCount\":0,\"image\":{\"@id\":\"https:\\\/\\\/Matthias-Clausen.de\\\/?p=502#primaryimage\"},\"thumbnailUrl\":\"http:\\\/\\\/clausen.homeip.net\\\/wordpress\\\/wp-content\\\/uploads\\\/2015\\\/11\\\/MCA0013-800x600.jpg\",\"keywords\":[\"Gelb\",\"Horizon\",\"Horizont\",\"Mond\",\"Moon\",\"Yellow\"],\"articleSection\":[\"Nature\",\"Reise\\\/ Travel\"],\"inLanguage\":\"de\",\"potentialAction\":[{\"@type\":\"CommentAction\",\"name\":\"Comment\",\"target\":[\"https:\\\/\\\/Matthias-Clausen.de\\\/?p=502#respond\"]}]},{\"@type\":\"WebPage\",\"@id\":\"https:\\\/\\\/Matthias-Clausen.de\\\/?p=502\",\"url\":\"https:\\\/\\\/Matthias-Clausen.de\\\/?p=502\",\"name\":\"Der Mond \u00fcber Airlie Beach - Matthias der Photograph\",\"isPartOf\":{\"@id\":\"https:\\\/\\\/Matthias-Clausen.de\\\/#website\"},\"primaryImageOfPage\":{\"@id\":\"https:\\\/\\\/Matthias-Clausen.de\\\/?p=502#primaryimage\"},\"image\":{\"@id\":\"https:\\\/\\\/Matthias-Clausen.de\\\/?p=502#primaryimage\"},\"thumbnailUrl\":\"http:\\\/\\\/clausen.homeip.net\\\/wordpress\\\/wp-content\\\/uploads\\\/2015\\\/11\\\/MCA0013-800x600.jpg\",\"datePublished\":\"2015-11-12T11:02:55+00:00\",\"author\":{\"@id\":\"https:\\\/\\\/Matthias-Clausen.de\\\/#\\\/schema\\\/person\\\/818ffacfc9c8e08e82aede772a813574\"},\"breadcrumb\":{\"@id\":\"https:\\\/\\\/Matthias-Clausen.de\\\/?p=502#breadcrumb\"},\"inLanguage\":\"de\",\"potentialAction\":[{\"@type\":\"ReadAction\",\"target\":[\"https:\\\/\\\/Matthias-Clausen.de\\\/?p=502\"]}]},{\"@type\":\"ImageObject\",\"inLanguage\":\"de\",\"@id\":\"https:\\\/\\\/Matthias-Clausen.de\\\/?p=502#primaryimage\",\"url\":\"http:\\\/\\\/clausen.homeip.net\\\/wordpress\\\/wp-content\\\/uploads\\\/2015\\\/11\\\/MCA0013-800x600.jpg\",\"contentUrl\":\"http:\\\/\\\/clausen.homeip.net\\\/wordpress\\\/wp-content\\\/uploads\\\/2015\\\/11\\\/MCA0013-800x600.jpg\"},{\"@type\":\"BreadcrumbList\",\"@id\":\"https:\\\/\\\/Matthias-Clausen.de\\\/?p=502#breadcrumb\",\"itemListElement\":[{\"@type\":\"ListItem\",\"position\":1,\"name\":\"Home\",\"item\":\"https:\\\/\\\/Matthias-Clausen.de\\\/\"},{\"@type\":\"ListItem\",\"position\":2,\"name\":\"Der Mond \u00fcber Airlie Beach\"}]},{\"@type\":\"WebSite\",\"@id\":\"https:\\\/\\\/Matthias-Clausen.de\\\/#website\",\"url\":\"https:\\\/\\\/Matthias-Clausen.de\\\/\",\"name\":\"Matthias der Photograph\",\"description\":\"The Beginning of the New\",\"potentialAction\":[{\"@type\":\"SearchAction\",\"target\":{\"@type\":\"EntryPoint\",\"urlTemplate\":\"https:\\\/\\\/Matthias-Clausen.de\\\/?s={search_term_string}\"},\"query-input\":{\"@type\":\"PropertyValueSpecification\",\"valueRequired\":true,\"valueName\":\"search_term_string\"}}],\"inLanguage\":\"de\"},{\"@type\":\"Person\",\"@id\":\"https:\\\/\\\/Matthias-Clausen.de\\\/#\\\/schema\\\/person\\\/818ffacfc9c8e08e82aede772a813574\",\"name\":\"claus\",\"image\":{\"@type\":\"ImageObject\",\"inLanguage\":\"de\",\"@id\":\"https:\\\/\\\/secure.gravatar.com\\\/avatar\\\/64b8814f6efe9cca97cf8498111b4cbe7c96f166a5b18faf4485f97646068f37?s=96&d=mm&r=g\",\"url\":\"https:\\\/\\\/secure.gravatar.com\\\/avatar\\\/64b8814f6efe9cca97cf8498111b4cbe7c96f166a5b18faf4485f97646068f37?s=96&d=mm&r=g\",\"contentUrl\":\"https:\\\/\\\/secure.gravatar.com\\\/avatar\\\/64b8814f6efe9cca97cf8498111b4cbe7c96f166a5b18faf4485f97646068f37?s=96&d=mm&r=g\",\"caption\":\"claus\"},\"url\":\"https:\\\/\\\/Matthias-Clausen.de\\\/?author=1\"}]}<\/script>\n<!-- \/ Yoast SEO plugin. -->","yoast_head_json":{"title":"Der Mond \u00fcber Airlie Beach - Matthias der Photograph","robots":{"index":"index","follow":"follow","max-snippet":"max-snippet:-1","max-image-preview":"max-image-preview:large","max-video-preview":"max-video-preview:-1"},"canonical":"https:\/\/Matthias-Clausen.de\/?p=502","og_locale":"de_DE","og_type":"article","og_title":"Der Mond \u00fcber Airlie Beach - Matthias der Photograph","og_description":"Nich nur bei einer Mondfinsternis erstrahlt der Mond in gelbem Licht. Auch wenn er \u00fcber dem Horizont auftaucht. Hier erscheint der Mont \u00fcber einer H\u00fcgelkette in Airlie Beach. Diese Konstelletion gab es ~um 20:30. In den folgenden Tagen tauchte Mond &hellip; Weiterlesen &rarr;","og_url":"https:\/\/Matthias-Clausen.de\/?p=502","og_site_name":"Matthias der Photograph","article_published_time":"2015-11-12T11:02:55+00:00","og_image":[{"url":"http:\/\/clausen.homeip.net\/wordpress\/wp-content\/uploads\/2015\/11\/MCA0013-800x600.jpg","type":"","width":"","height":""}],"author":"claus","twitter_misc":{"Geschrieben von":"claus"},"schema":{"@context":"https:\/\/schema.org","@graph":[{"@type":"Article","@id":"https:\/\/Matthias-Clausen.de\/?p=502#article","isPartOf":{"@id":"https:\/\/Matthias-Clausen.de\/?p=502"},"author":{"name":"claus","@id":"https:\/\/Matthias-Clausen.de\/#\/schema\/person\/818ffacfc9c8e08e82aede772a813574"},"headline":"Der Mond \u00fcber Airlie Beach","datePublished":"2015-11-12T11:02:55+00:00","mainEntityOfPage":{"@id":"https:\/\/Matthias-Clausen.de\/?p=502"},"wordCount":73,"commentCount":0,"image":{"@id":"https:\/\/Matthias-Clausen.de\/?p=502#primaryimage"},"thumbnailUrl":"http:\/\/clausen.homeip.net\/wordpress\/wp-content\/uploads\/2015\/11\/MCA0013-800x600.jpg","keywords":["Gelb","Horizon","Horizont","Mond","Moon","Yellow"],"articleSection":["Nature","Reise\/ Travel"],"inLanguage":"de","potentialAction":[{"@type":"CommentAction","name":"Comment","target":["https:\/\/Matthias-Clausen.de\/?p=502#respond"]}]},{"@type":"WebPage","@id":"https:\/\/Matthias-Clausen.de\/?p=502","url":"https:\/\/Matthias-Clausen.de\/?p=502","name":"Der Mond \u00fcber Airlie Beach - Matthias der Photograph","isPartOf":{"@id":"https:\/\/Matthias-Clausen.de\/#website"},"primaryImageOfPage":{"@id":"https:\/\/Matthias-Clausen.de\/?p=502#primaryimage"},"image":{"@id":"https:\/\/Matthias-Clausen.de\/?p=502#primaryimage"},"thumbnailUrl":"http:\/\/clausen.homeip.net\/wordpress\/wp-content\/uploads\/2015\/11\/MCA0013-800x600.jpg","datePublished":"2015-11-12T11:02:55+00:00","author":{"@id":"https:\/\/Matthias-Clausen.de\/#\/schema\/person\/818ffacfc9c8e08e82aede772a813574"},"breadcrumb":{"@id":"https:\/\/Matthias-Clausen.de\/?p=502#breadcrumb"},"inLanguage":"de","potentialAction":[{"@type":"ReadAction","target":["https:\/\/Matthias-Clausen.de\/?p=502"]}]},{"@type":"ImageObject","inLanguage":"de","@id":"https:\/\/Matthias-Clausen.de\/?p=502#primaryimage","url":"http:\/\/clausen.homeip.net\/wordpress\/wp-content\/uploads\/2015\/11\/MCA0013-800x600.jpg","contentUrl":"http:\/\/clausen.homeip.net\/wordpress\/wp-content\/uploads\/2015\/11\/MCA0013-800x600.jpg"},{"@type":"BreadcrumbList","@id":"https:\/\/Matthias-Clausen.de\/?p=502#breadcrumb","itemListElement":[{"@type":"ListItem","position":1,"name":"Home","item":"https:\/\/Matthias-Clausen.de\/"},{"@type":"ListItem","position":2,"name":"Der Mond \u00fcber Airlie Beach"}]},{"@type":"WebSite","@id":"https:\/\/Matthias-Clausen.de\/#website","url":"https:\/\/Matthias-Clausen.de\/","name":"Matthias der Photograph","description":"The Beginning of the New","potentialAction":[{"@type":"SearchAction","target":{"@type":"EntryPoint","urlTemplate":"https:\/\/Matthias-Clausen.de\/?s={search_term_string}"},"query-input":{"@type":"PropertyValueSpecification","valueRequired":true,"valueName":"search_term_string"}}],"inLanguage":"de"},{"@type":"Person","@id":"https:\/\/Matthias-Clausen.de\/#\/schema\/person\/818ffacfc9c8e08e82aede772a813574","name":"claus","image":{"@type":"ImageObject","inLanguage":"de","@id":"https:\/\/secure.gravatar.com\/avatar\/64b8814f6efe9cca97cf8498111b4cbe7c96f166a5b18faf4485f97646068f37?s=96&d=mm&r=g","url":"https:\/\/secure.gravatar.com\/avatar\/64b8814f6efe9cca97cf8498111b4cbe7c96f166a5b18faf4485f97646068f37?s=96&d=mm&r=g","contentUrl":"https:\/\/secure.gravatar.com\/avatar\/64b8814f6efe9cca97cf8498111b4cbe7c96f166a5b18faf4485f97646068f37?s=96&d=mm&r=g","caption":"claus"},"url":"https:\/\/Matthias-Clausen.de\/?author=1"}]}},"_links":{"self":[{"href":"https:\/\/Matthias-Clausen.de\/index.php?rest_route=\/wp\/v2\/posts\/502","targetHints":{"allow":["GET"]}}],"collection":[{"href":"https:\/\/Matthias-Clausen.de\/index.php?rest_route=\/wp\/v2\/posts"}],"about":[{"href":"https:\/\/Matthias-Clausen.de\/index.php?rest_route=\/wp\/v2\/types\/post"}],"author":[{"embeddable":true,"href":"https:\/\/Matthias-Clausen.de\/index.php?rest_route=\/wp\/v2\/users\/1"}],"replies":[{"embeddable":true,"href":"https:\/\/Matthias-Clausen.de\/index.php?rest_route=%2Fwp%2Fv2%2Fcomments&post=502"}],"version-history":[{"count":0,"href":"https:\/\/Matthias-Clausen.de\/index.php?rest_route=\/wp\/v2\/posts\/502\/revisions"}],"wp:attachment":[{"href":"https:\/\/Matthias-Clausen.de\/index.php?rest_route=%2Fwp%2Fv2%2Fmedia&parent=502"}],"wp:term":[{"taxonomy":"category","embeddable":true,"href":"https:\/\/Matthias-Clausen.de\/index.php?rest_route=%2Fwp%2Fv2%2Fcategories&post=502"},{"taxonomy":"post_tag","embeddable":true,"href":"https:\/\/Matthias-Clausen.de\/index.php?rest_route=%2Fwp%2Fv2%2Ftags&post=502"}],"curies":[{"name":"wp","href":"https:\/\/api.w.org\/{rel}","templated":true}]}}